{"id":1673,"date":"2020-04-08T09:00:00","date_gmt":"2020-04-08T12:00:00","guid":{"rendered":"http:\/\/institutolongtao.com.br\/blog\/?p=1673"},"modified":"2020-11-16T16:03:10","modified_gmt":"2020-11-16T19:03:10","slug":"o-pulmao-na-visao-da-mtc-elemento-metal-por-vanessa-marques","status":"publish","type":"post","link":"http:\/\/institutolongtao.com.br\/blog\/2020\/04\/08\/o-pulmao-na-visao-da-mtc-elemento-metal-por-vanessa-marques\/","title":{"rendered":"O Pulm\u00e3o na vis\u00e3o da MTC (Elemento Metal) | Por Vanessa Marques"},"content":{"rendered":"<p class=\"estimated-read-time\">Tempo de leitura:<small> 1 minuto<\/small><\/p> \n<div class=\"wp-block-image\"><figure class=\"aligncenter size-large is-resized\"><img loading=\"lazy\" decoding=\"async\" src=\"http:\/\/institutolongtao.com.br\/blog\/wp-content\/uploads\/2020\/04\/O-pulm\u00e3o-na-vis\u00e3o-da-MTC.jpg\" alt=\"\" class=\"wp-image-2248\" width=\"287\" height=\"349\" srcset=\"http:\/\/institutolongtao.com.br\/blog\/wp-content\/uploads\/2020\/04\/O-pulm\u00e3o-na-vis\u00e3o-da-MTC.jpg 527w, http:\/\/institutolongtao.com.br\/blog\/wp-content\/uploads\/2020\/04\/O-pulm\u00e3o-na-vis\u00e3o-da-MTC-247x300.jpg 247w, http:\/\/institutolongtao.com.br\/blog\/wp-content\/uploads\/2020\/04\/O-pulm\u00e3o-na-vis\u00e3o-da-MTC-370x449.jpg 370w\" sizes=\"auto, (max-width: 287px) 100vw, 287px\" \/><\/figure><\/div>\n\n\n\n<p>\u00c9 o momento de fechar os ciclos, luto, recolhimento, o retorno para dentro. Quando em desarmonia, pode causar depress\u00e3o e falta de perspectiva na vida. A falta de ar \u00e9 um dos sintomas f\u00edsicos.<\/p>\n\n\n\n<ul class=\"wp-block-list\"><li>Inala o \u201cQi puro\u201d e exala o \u201cQi impuro\u201d, sendo assim regula todas as atividades fisiol\u00f3gicas;<\/li><li>Extrai o \u201cQi puro\u201d o qual combina com o Qi do Alimento, que vem do Ba\u00e7o formando o Qi da Reuni\u00e3o (Zong Qi);<\/li><li>Comanda o Wei Qi e o Zhong Qi;<\/li><li>Uma vez que o Pulm\u00e3o governa o Qi, ele controla a circula\u00e7\u00e3o do Qi tanto nos vasos sangu\u00edneos quanto nos canais.<\/li><\/ul>\n\n\n\n<p>O Pulm\u00e3o tem a fun\u00e7\u00e3o de dispersar ou difundir o Qi Defensivo e os Flu\u00eddos Corp\u00f3reos por toda parte do corpo e para o espa\u00e7o entre a pele e o m\u00fasculo.&nbsp; Se o Qi do Pulm\u00e3o estiver debilitado, o Qi Defensivo n\u00e3o alcan\u00e7ar\u00e1 a pele e o organismo poder\u00e1 ser invadido pelos Fatores Pat\u00f3genos Externos.<\/p>\n\n\n\n<p>Se o movimento de Descida do Qi estiver prejudicado, o Qi do Pulm\u00e3o n\u00e3o fluir\u00e1 para baixo e o Qi acumular-se-\u00e1 no t\u00f3rax, ocasionando tosse, respira\u00e7\u00e3o curta e sensa\u00e7\u00e3o de opress\u00e3o no peito.<\/p>\n\n\n\n<p><strong>ABRE-SE:<\/strong> Nariz<\/p>\n\n\n\n<p><strong>MANIFESTA-SE:<\/strong> Pelos<\/p>\n\n\n\n<p><strong>EMO\u00c7\u00c3O:<\/strong> Tristeza<\/p>\n\n\n\n<p><strong>V\u00cdSCERA:<\/strong> Intestino Grosso<\/p>\n\n\n\n<p><strong>REFER\u00caNCIAS:<\/strong><br>Maciocia G. Os Fundamentos da Medicina Chinesa: Um texto abrangente para acupunturistas e fitoterapeutas. 1\u00aa ed. S\u00e3o Paulo: Roca, 1996.<\/p>\n\n\n\n<hr class=\"wp-block-separator\"\/>\n\n\n\n<p><strong>Vanessa Marques<\/strong>&nbsp;\u00e9 Acupunturista e professora do Instituto Long Tao.<\/p>\n\n\n\n<p><em>Este texto foi enviado pelo profissional mencionado e seu conte\u00fado \u00e9 de sua total responsabilidade.<\/em><\/p>\n","protected":false},"excerpt":{"rendered":"<p><small> 1 minuto<\/small> \u00c9 o momento de fechar os ciclos, luto, recolhimento, o retorno para dentro. Quando em desarmonia, pode causar depress\u00e3o e falta de perspectiva na vida. A falta de ar \u00e9 um dos sintomas f\u00edsicos. Inala o \u201cQi puro\u201d e exala o \u201cQi impuro\u201d, sendo assim regula todas as atividades fisiol\u00f3gicas;Extrai o \u201cQi puro\u201d o qual combina com o Qi do Alimento, que vem do Ba\u00e7o formando o Qi da Reuni\u00e3o (Zong Qi);Comanda o Wei Qi e o Zhong Qi;Uma vez que o <a href=\"http:\/\/institutolongtao.com.br\/blog\/2020\/04\/08\/o-pulmao-na-visao-da-mtc-elemento-metal-por-vanessa-marques\/\" class=\"more-link\"><span>Leia mais<\/span>\u2192<\/a><\/p>\n","protected":false},"author":2,"featured_media":2248,"comment_status":"open","ping_status":"open","sticky":false,"template":"","format":"standard","meta":{"footnotes":""},"categories":[56,25,5,76,8],"tags":[12,18,204,223],"class_list":["entry","author-institutolongtao","post-1673","post","type-post","status-publish","format-standard","has-post-thumbnail","category-cursos","category-disturbios-fisicos-eou-emocionais","category-informativos","category-pensamentos-e-ideias","category-tratamentos-e-tecnicas","tag-acupuntura","tag-medicina-chinesa","tag-medicina-tradicional-chinesa","tag-pulmao"],"_links":{"self":[{"href":"http:\/\/institutolongtao.com.br\/blog\/wp-json\/wp\/v2\/posts\/1673","targetHints":{"allow":["GET"]}}],"collection":[{"href":"http:\/\/institutolongtao.com.br\/blog\/wp-json\/wp\/v2\/posts"}],"about":[{"href":"http:\/\/institutolongtao.com.br\/blog\/wp-json\/wp\/v2\/types\/post"}],"author":[{"embeddable":true,"href":"http:\/\/institutolongtao.com.br\/blog\/wp-json\/wp\/v2\/users\/2"}],"replies":[{"embeddable":true,"href":"http:\/\/institutolongtao.com.br\/blog\/wp-json\/wp\/v2\/comments?post=1673"}],"version-history":[{"count":4,"href":"http:\/\/institutolongtao.com.br\/blog\/wp-json\/wp\/v2\/posts\/1673\/revisions"}],"predecessor-version":[{"id":2249,"href":"http:\/\/institutolongtao.com.br\/blog\/wp-json\/wp\/v2\/posts\/1673\/revisions\/2249"}],"wp:featuredmedia":[{"embeddable":true,"href":"http:\/\/institutolongtao.com.br\/blog\/wp-json\/wp\/v2\/media\/2248"}],"wp:attachment":[{"href":"http:\/\/institutolongtao.com.br\/blog\/wp-json\/wp\/v2\/media?parent=1673"}],"wp:term":[{"taxonomy":"category","embeddable":true,"href":"http:\/\/institutolongtao.com.br\/blog\/wp-json\/wp\/v2\/categories?post=1673"},{"taxonomy":"post_tag","embeddable":true,"href":"http:\/\/institutolongtao.com.br\/blog\/wp-json\/wp\/v2\/tags?post=1673"}],"curies":[{"name":"wp","href":"https:\/\/api.w.org\/{rel}","templated":true}]}}